{"id":1062,"date":"2008-10-05T15:36:07","date_gmt":"2008-10-05T13:36:07","guid":{"rendered":"http:\/\/www.vontrompka.com\/blog\/?p=1062"},"modified":"2008-10-06T10:50:22","modified_gmt":"2008-10-06T08:50:22","slug":"moj-ojciec","status":"publish","type":"post","link":"https:\/\/www.vontrompka.com\/blog\/2008\/10\/moj-ojciec\/","title":{"rendered":"m\u00f3j ojciec"},"content":{"rendered":"<p>nie \u017cyje.<\/p>\n<p>tak si\u0119 czasem zdarza. <\/p>\n<p>zbieram to w sobie i przetrawiam. niespodziewanie napotykaj\u0105c my\u015bli, kt\u00f3rych nie chcieliby\u015bcie tu czyta\u0107. ani ja nie chcia\u0142bym ich zapisywa\u0107.<\/p>\n<p>ojciec do pewnego momentu \u015bledzi\u0142 vontrompk\u0119. czasem irytowa\u0142o go to, co robi\u0119, kt\u00f3rego\u015b razu (przy okazji n-tej \u017ca\u0142oby narodowej) wkurzy\u0142o na tyle mocno, \u017ce postanowi\u0142 ju\u017c nie zagl\u0105da\u0107. i chyba nie zagl\u0105da\u0142.<\/p>\n<p>nie lubi\u0142 mojego szwendania si\u0119 po \u015bwiecie. nie m\u00f3g\u0142 zrozumie\u0107, co mnie ci\u0105gnie do tego syfu i malarii &#8211; a je\u015bli ju\u017c ci\u0105gnie, to czemu nie wykupi\u0119 sobie wycieczki zorganizowanej.<\/p>\n<p>do tych w\u0105tk\u00f3w jako\u015b pasuje obrazek, kt\u00f3ry rysowa\u0142em tu\u017c przed, ale nie wyko\u0144czy\u0142em i nie zd\u0105\u017cy\u0142em zamie\u015bci\u0107. intuicja?&#8230; mi\u0142o by\u0142oby wierzy\u0107, \u017ce ojciec gdzie\u015b tam na g\u00f3rze wykupuje sobie jak\u0105\u015b egzotyczn\u0105 wycieczk\u0119. mi\u0142o. by\u0142oby. wierzy\u0107.<\/p>\n<p><img decoding=\"async\" src=\"https:\/\/www.vontrompka.com\/blog\/wp-content\/uploads\/2008\/10\/wczasy.gif\" alt=\"w \u015bwi\u0119ta jad\u0119 na wczasy do piek\u0142a\" title=\"w \u015bwi\u0119ta jad\u0119 na wczasy do piek\u0142a\" \/><\/p>\n<p>to nie jest blog osobisty, czasem jednak \u017cycie przecina si\u0119 z tym bazgraniem. celem niesk\u0142adania wie\u0144c\u00f3w komentarze s\u0105 wy\u0142\u0105czone.<\/p>\n","protected":false},"excerpt":{"rendered":"<p>nie \u017cyje. tak si\u0119 czasem zdarza. zbieram to w sobie i przetrawiam. niespodziewanie napotykaj\u0105c my\u015bli, kt\u00f3rych nie chcieliby\u015bcie tu czyta\u0107. ani ja nie chcia\u0142bym ich zapisywa\u0107. ojciec do pewnego momentu \u015bledzi\u0142 vontrompk\u0119. czasem irytowa\u0142o go to, co robi\u0119, kt\u00f3rego\u015b razu (przy okazji n-tej \u017ca\u0142oby narodowej) wkurzy\u0142o na tyle mocno, \u017ce postanowi\u0142 ju\u017c nie zagl\u0105da\u0107. i [&hellip;]<\/p>\n","protected":false},"author":1,"featured_media":0,"comment_status":"closed","ping_status":"closed","sticky":false,"template":"","format":"standard","meta":{"footnotes":""},"categories":[6],"tags":[],"class_list":["post-1062","post","type-post","status-publish","format-standard","hentry","category-jotpeggif"],"aioseo_notices":[],"jetpack_featured_media_url":"","_links":{"self":[{"href":"https:\/\/www.vontrompka.com\/blog\/wp-json\/wp\/v2\/posts\/1062","targetHints":{"allow":["GET"]}}],"collection":[{"href":"https:\/\/www.vontrompka.com\/blog\/wp-json\/wp\/v2\/posts"}],"about":[{"href":"https:\/\/www.vontrompka.com\/blog\/wp-json\/wp\/v2\/types\/post"}],"author":[{"embeddable":true,"href":"https:\/\/www.vontrompka.com\/blog\/wp-json\/wp\/v2\/users\/1"}],"replies":[{"embeddable":true,"href":"https:\/\/www.vontrompka.com\/blog\/wp-json\/wp\/v2\/comments?post=1062"}],"version-history":[{"count":0,"href":"https:\/\/www.vontrompka.com\/blog\/wp-json\/wp\/v2\/posts\/1062\/revisions"}],"wp:attachment":[{"href":"https:\/\/www.vontrompka.com\/blog\/wp-json\/wp\/v2\/media?parent=1062"}],"wp:term":[{"taxonomy":"category","embeddable":true,"href":"https:\/\/www.vontrompka.com\/blog\/wp-json\/wp\/v2\/categories?post=1062"},{"taxonomy":"post_tag","embeddable":true,"href":"https:\/\/www.vontrompka.com\/blog\/wp-json\/wp\/v2\/tags?post=1062"}],"curies":[{"name":"wp","href":"https:\/\/api.w.org\/{rel}","templated":true}]}}