{"id":172,"date":"2005-10-15T19:10:23","date_gmt":"2005-10-15T17:10:23","guid":{"rendered":""},"modified":"2005-10-15T19:10:23","modified_gmt":"2005-10-15T17:10:23","slug":"Joseph","status":"publish","type":"post","link":"https:\/\/www.vontrompka.com\/blog\/2005\/10\/Joseph\/","title":{"rendered":"Joseph"},"content":{"rendered":"<p>Joseph ma 49 lat i pracuje jako policjant w Edmonton. Jakim\u015b dziwnym zbiegiem okoliczno\u015bci tydzie\u0144 temu zapl\u0105ta\u0142 si\u0119 w Polsce i z ufno\u015bci\u0105 dziecka wszystkimi zmys\u0142ami ch\u0142onie nowe bod\u017ace. Niemal co wiecz\u00f3r l\u0105duje na jakiej\u015b nieoczekiwanej alkoholowej imprezie w czyim\u015b domu, przez co liczba razy, gdy pi\u0142 alkohol w ca\u0142ym swoim \u017cyciu zd\u0105\u017cy\u0142a wzrosn\u0105\u0107 z trzech do o\u015bmiu&#8230; a pewnie dobije do pi\u0119tnastu za tydzie\u0144, gdy b\u0119dzie wraca\u0142 do domu.<\/p>\n<p>By\u0142 ju\u017c dwa razy w Europie, g\u0142\u00f3wnie u rodziny w Niemczech. Pr\u00f3bowa\u0142 dosta\u0107 si\u0119 do UNPROFORu w Bo\u015bni, ale mia\u0142 za ma\u0142e dzieci i nie dosta\u0142 przydzia\u0142u. Na emeryturze (mundurowej, wi\u0119c ju\u017c za dwa lata) chce wi\u0119cej podr\u00f3\u017cowa\u0107 &#8211; Skandynawia, Ameryka Po\u0142udniowa; Azja raczej nie. Cz\u0119\u015b\u0107 jego rodziny pochodzi z Ukrainy, ale tam nie chce jecha\u0107.<\/p>\n<p>Joseph jest przekazywany od znajomych do znajomych, kolejne osoby z wyrozumia\u0142o\u015bci\u0105 si\u0119 nim opiekuj\u0105, on z kolei z wyrozumia\u0142o\u015bci\u0105 przyjmuje to, co los przynosi. L\u0105duje na kolejnych kanapach w kolejnych domach, siedzi w  milczeniu, przygl\u0105da si\u0119 ludziom, pije coraz to nowe nieznane mu trunki i ze zdziwieniem w lekko zm\u0105conych mocno b\u0142\u0119kitnych oczach obserwuje, jak tubylcy po wychyleniu paru kolejek zaczynaj\u0105 uk\u0142ada\u0107 zagadki logiczne z zapa\u0142ek.<\/p>\n<p>Najwi\u0119ksza atrakcja w podr\u00f3\u017cy Josepha wci\u0105\u017c przed nim. W przysz\u0142ym tygodniu pojedzie na wycieczk\u0119 do Auschwitz.<\/p>\n","protected":false},"excerpt":{"rendered":"<p>182<\/p>\n","protected":false},"author":1,"featured_media":0,"comment_status":"open","ping_status":"open","sticky":false,"template":"","format":"standard","meta":{"footnotes":""},"categories":[3],"tags":[],"class_list":["post-172","post","type-post","status-publish","format-standard","hentry","category-ciagi-slow"],"aioseo_notices":[],"jetpack_featured_media_url":"","_links":{"self":[{"href":"https:\/\/www.vontrompka.com\/blog\/wp-json\/wp\/v2\/posts\/172","targetHints":{"allow":["GET"]}}],"collection":[{"href":"https:\/\/www.vontrompka.com\/blog\/wp-json\/wp\/v2\/posts"}],"about":[{"href":"https:\/\/www.vontrompka.com\/blog\/wp-json\/wp\/v2\/types\/post"}],"author":[{"embeddable":true,"href":"https:\/\/www.vontrompka.com\/blog\/wp-json\/wp\/v2\/users\/1"}],"replies":[{"embeddable":true,"href":"https:\/\/www.vontrompka.com\/blog\/wp-json\/wp\/v2\/comments?post=172"}],"version-history":[{"count":0,"href":"https:\/\/www.vontrompka.com\/blog\/wp-json\/wp\/v2\/posts\/172\/revisions"}],"wp:attachment":[{"href":"https:\/\/www.vontrompka.com\/blog\/wp-json\/wp\/v2\/media?parent=172"}],"wp:term":[{"taxonomy":"category","embeddable":true,"href":"https:\/\/www.vontrompka.com\/blog\/wp-json\/wp\/v2\/categories?post=172"},{"taxonomy":"post_tag","embeddable":true,"href":"https:\/\/www.vontrompka.com\/blog\/wp-json\/wp\/v2\/tags?post=172"}],"curies":[{"name":"wp","href":"https:\/\/api.w.org\/{rel}","templated":true}]}}