{"id":232,"date":"2005-12-21T15:58:15","date_gmt":"2005-12-21T13:58:15","guid":{"rendered":""},"modified":"2011-01-24T15:03:53","modified_gmt":"2011-01-24T14:03:53","slug":"kumanovo","status":"publish","type":"post","link":"https:\/\/www.vontrompka.com\/blog\/2005\/12\/kumanovo\/","title":{"rendered":"Kumanovo"},"content":{"rendered":"<p>Dost\u0119pne menu si\u0119 powi\u0119ksza. Burek to rodzaj ciasta francuskiego, ale bardziej wilgotnego i s\u0142onawego, z lekko spalon\u0105 sk\u00f3rk\u0105, z serem bia\u0142ym w \u015brodku. Popija si\u0119 to jogurtem naturalnym. Nie\u017ale syci.<\/p>\n<p> Po takim \u015bniadaniu pojecha\u0142em do Kumanova. Bieda i rozpad, kt\u00f3rego w Skopje a\u017c tak bardzo nie wida\u0107, o\u015bwietlone rozproszonym, brudnym \u015bwiat\u0142em z r\u00f3wno zasnutego nieba, na ziemi nagi l\u00f3d zmieszany ze \u015bniegiem i b\u0142otem gdzieniegdzie. Zimno i wilgotno. Na szcz\u0119\u015bcie co krok jest jaka\u015b kafejka, w kt\u00f3rej mo\u017cna si\u0119 ogrza\u0107 i dobudzi\u0107 kaw\u0105, w ka\u017cdej kafejce &#8211; kilku, kilkunastu facet\u00f3w, z rzadka jakie\u015b kobiety. Na g\u0142\u00f3wnym placu (dwojga nazw &#8211; Marsza\u0142ka Tito i Nowej Jugos\u0142awii&#8230;) kilka grupek, w sumie z pi\u0119\u0107dziesi\u0119ciu facet\u00f3w plotkuj\u0105cych i nudz\u0105cych si\u0119. Na \u015brodku placu kto\u015b zgubi\u0142 pomnik przedstawiaj\u0105cy co\u015b fallicznie nieokre\u015blonego&#8230;<\/p>\n<p> Kumanovo ma taki senny i biedny klimat, troch\u0119 przypominaj\u0105cy polskie ma\u0142e miasteczka, ale z wyczuwalnie ni\u017cszym poziomem frustracji. Ludzie (Albanczycy przewaznie) sprawiaj\u0105 wra\u017cenie bardziej pogodzonych z \u017cyciem. Jest troch\u0119 nowych, czasem do\u015b\u0107 obszernych domostw, ale przewa\u017caj\u0105, szczeg\u00f3lnie w bocznych uliczkach, rozpadaj\u0105ce si\u0119, liche domki.<\/p>\n<p> <img decoding=\"async\" src=\"https:\/\/www.vontrompka.com\/blog\/files\/vontrompka_kumanovo_ulica.jpg\"><\/p>\n<p> Przed urz\u0119dow\u0105 rejestracj\u0105 samochodu trzeba koniecznie odwiedzi\u0107 wy\u017csz\u0105 instancj\u0119&#8230; wiekuist\u0105. Ciekawe, czy muzu\u0142manie te\u017c jad\u0105 do swojego imama&#8230;<\/p>\n<p> <img decoding=\"async\" src=\"https:\/\/www.vontrompka.com\/blog\/files\/vontrompka_kumanovo_chevrolet.jpg\"><\/p>\n<p> Jutro zabieram si\u0119 ze Skopje. Veles, potem Prilep. Sam jestem ciekaw, gdzie wyl\u0105duj\u0119 na kolejn\u0105 noc. Potem ze dwa dni w Ohridzie &#8211; i jad\u0119 w naprawd\u0119 nieznane&#8230; Nowy Rok w Tiranie? Czemu nie&#8230;<\/p>\n","protected":false},"excerpt":{"rendered":"<p>242<\/p>\n","protected":false},"author":1,"featured_media":0,"comment_status":"open","ping_status":"open","sticky":false,"template":"","format":"standard","meta":{"footnotes":""},"categories":[2],"tags":[132],"class_list":["post-232","post","type-post","status-publish","format-standard","hentry","category-wycieczki","tag-0506-balkany"],"aioseo_notices":[],"jetpack_featured_media_url":"","_links":{"self":[{"href":"https:\/\/www.vontrompka.com\/blog\/wp-json\/wp\/v2\/posts\/232","targetHints":{"allow":["GET"]}}],"collection":[{"href":"https:\/\/www.vontrompka.com\/blog\/wp-json\/wp\/v2\/posts"}],"about":[{"href":"https:\/\/www.vontrompka.com\/blog\/wp-json\/wp\/v2\/types\/post"}],"author":[{"embeddable":true,"href":"https:\/\/www.vontrompka.com\/blog\/wp-json\/wp\/v2\/users\/1"}],"replies":[{"embeddable":true,"href":"https:\/\/www.vontrompka.com\/blog\/wp-json\/wp\/v2\/comments?post=232"}],"version-history":[{"count":1,"href":"https:\/\/www.vontrompka.com\/blog\/wp-json\/wp\/v2\/posts\/232\/revisions"}],"predecessor-version":[{"id":3743,"href":"https:\/\/www.vontrompka.com\/blog\/wp-json\/wp\/v2\/posts\/232\/revisions\/3743"}],"wp:attachment":[{"href":"https:\/\/www.vontrompka.com\/blog\/wp-json\/wp\/v2\/media?parent=232"}],"wp:term":[{"taxonomy":"category","embeddable":true,"href":"https:\/\/www.vontrompka.com\/blog\/wp-json\/wp\/v2\/categories?post=232"},{"taxonomy":"post_tag","embeddable":true,"href":"https:\/\/www.vontrompka.com\/blog\/wp-json\/wp\/v2\/tags?post=232"}],"curies":[{"name":"wp","href":"https:\/\/api.w.org\/{rel}","templated":true}]}}