{"id":246,"date":"2006-01-02T15:15:23","date_gmt":"2006-01-02T13:15:23","guid":{"rendered":""},"modified":"2011-01-24T15:00:09","modified_gmt":"2011-01-24T14:00:09","slug":"durres-shkoder","status":"publish","type":"post","link":"https:\/\/www.vontrompka.com\/blog\/2006\/01\/durres-shkoder\/","title":{"rendered":"Durres &#8211; Shkoder"},"content":{"rendered":"<p><img decoding=\"async\" src=\"https:\/\/www.vontrompka.com\/blog\/files\/vontrompka_durres_shkoder_pociag2.jpg\"><\/p>\n<p> Juz od Durres mam wrazenie, ze podr\u00f3\u017cuj\u0119 po innym kraju. To znaczy rozpi\u017adziaj (nie mam lepszego slowa na to, co widz\u0119) taki sam &#8211; tak jak na po\u0142udniu, wszystko tonie w b\u0142ocku, wokol bunkry i zwa\u0142y \u015bmieci, ale ludzie s\u0105 wyra\u017anie inni. Oczywi\u015bcie, wci\u0105\u017c kr\u0119ci si\u0119 wok\u00f3\u0142 wielu mrukowatych gbur\u00f3w, ale napi\u0119cie w powietrzu zdecydowanie opad\u0142o, ludzie si\u0119 usmiechaj\u0105, spiewaj\u0105 nawet, zagaduj\u0105, pomagaj\u0105 sami z siebie. Sa \u017cyczliwie zdziwieni moj\u0105 obecnosci\u0105 w tym miejscu. Albo polnoc Albanii jest tak inna, albo wczesniej mialem do czynienia z jakims napieciem przednoworocznym, ktore roz\u0142adowalo si\u0119 wraz z salw\u0105 tysiaca petrard.<\/p>\n<p> Pada, samochody ton\u0105 po podwozia w ka\u0142u\u017cach na \u017cwirowych drogach. W drodze (100km z Durres do Shkoder, prawie 4h) widzia\u0142em g\u0142\u00f3wnie wielkie rozlewiska i wod\u0119 p\u0142ynaca sk\u0105d\u015b dok\u0105d\u015b. W ko\u015bciach mam wilgotne zimno, trzeba chyba w koncu spr\u00f3bowac albanskiej raki.<\/p>\n<p> <img decoding=\"async\" src=\"https:\/\/www.vontrompka.com\/blog\/files\/vontrompka_shkoder_tatasyn.jpg\"><\/p>\n","protected":false},"excerpt":{"rendered":"<p>256<\/p>\n","protected":false},"author":1,"featured_media":0,"comment_status":"open","ping_status":"open","sticky":false,"template":"","format":"standard","meta":{"footnotes":""},"categories":[2],"tags":[132],"class_list":["post-246","post","type-post","status-publish","format-standard","hentry","category-wycieczki","tag-0506-balkany"],"aioseo_notices":[],"jetpack_featured_media_url":"","_links":{"self":[{"href":"https:\/\/www.vontrompka.com\/blog\/wp-json\/wp\/v2\/posts\/246","targetHints":{"allow":["GET"]}}],"collection":[{"href":"https:\/\/www.vontrompka.com\/blog\/wp-json\/wp\/v2\/posts"}],"about":[{"href":"https:\/\/www.vontrompka.com\/blog\/wp-json\/wp\/v2\/types\/post"}],"author":[{"embeddable":true,"href":"https:\/\/www.vontrompka.com\/blog\/wp-json\/wp\/v2\/users\/1"}],"replies":[{"embeddable":true,"href":"https:\/\/www.vontrompka.com\/blog\/wp-json\/wp\/v2\/comments?post=246"}],"version-history":[{"count":2,"href":"https:\/\/www.vontrompka.com\/blog\/wp-json\/wp\/v2\/posts\/246\/revisions"}],"predecessor-version":[{"id":3731,"href":"https:\/\/www.vontrompka.com\/blog\/wp-json\/wp\/v2\/posts\/246\/revisions\/3731"}],"wp:attachment":[{"href":"https:\/\/www.vontrompka.com\/blog\/wp-json\/wp\/v2\/media?parent=246"}],"wp:term":[{"taxonomy":"category","embeddable":true,"href":"https:\/\/www.vontrompka.com\/blog\/wp-json\/wp\/v2\/categories?post=246"},{"taxonomy":"post_tag","embeddable":true,"href":"https:\/\/www.vontrompka.com\/blog\/wp-json\/wp\/v2\/tags?post=246"}],"curies":[{"name":"wp","href":"https:\/\/api.w.org\/{rel}","templated":true}]}}