{"id":350,"date":"2006-07-11T20:45:41","date_gmt":"2006-07-11T18:45:41","guid":{"rendered":""},"modified":"2006-07-11T20:45:41","modified_gmt":"2006-07-11T18:45:41","slug":"racjonalizacje","status":"publish","type":"post","link":"https:\/\/www.vontrompka.com\/blog\/2006\/07\/racjonalizacje\/","title":{"rendered":"racjonalizacje"},"content":{"rendered":"<p>Kiedy w gor\u0105cy wiecz\u00f3r przez otwarte okno s\u0142ysz\u0119 dr\u0105cego si\u0119 bachora, kt\u00f3ry mnie rozprasza, cho\u0107 bardzo chc\u0119 si\u0119 nad czym\u015b skupi\u0107, moje pi\u0119\u015bci zaciskaj\u0105 si\u0119 z lekka i powoli wzbiera we mnie bezradna z\u0142o\u015b\u0107. Rzucam pod nosem nieprzyjemnymi wyrazami, kt\u00f3rych ani on, ani jego rodziciele nie us\u0142ysz\u0105, ale po chwili przychodzi refleksja: &#8222;Uspok\u00f3j si\u0119. Odetchnij. Polub go. To on b\u0119dzie zarabia\u0142 na twoj\u0105 emerytur\u0119&#8221;.<br \/>\nI uspokajam si\u0119, i zaczynam go nawet lubi\u0107.<\/p>\n<p>Dzi\u0119ki podobnym racjonalizacjom w elegancki spos\u00f3b buduj\u0119 w sobie r\u00f3wnie pozytywne uczucia skierowane do przewodniej partii i jej satelit\u00f3w. Czytam kolejn\u0105 nabzdyczon\u0105 wypowied\u017a infantylnie skrzywionego wysokiego dygnitarza pa\u0144stwowego &#8211; i rzucam brzydkim s\u0142owem (kt\u00f3rego nie us\u0142yszy) gro\u017c\u0105c \u017ce na d\u0142ugo! na zawsze! st\u0105d wyjad\u0119 (co akurat ma w nosie). Ale zaraz uspokajam si\u0119 my\u015bl\u0105, \u017ce jeszcze przez &#8211; co najmniej! &#8211; trzy lata b\u0119d\u0119 korzysta\u0142 z niewysychaj\u0105cego, bo hojnym \u015blinotokiem z jego ust zasilanego, \u017ar\u00f3de\u0142ka inspiracji.<br \/>\nI co gorsza, zaczynam si\u0119 do niego, do tego dygnitarza, przywi\u0105zywa\u0107.<\/p>\n<div  class=\"small_text\">\n(&#8230;)<br \/>\nPatrzy na nas, bliski jak ojciec,<br \/>\ntroska bruzd\u0105 czo\u0142o mu znaczy.<br \/>\n&#8220;Prosz\u0119, m\u00f3wcie o sobie<br \/>\ni o swej pracy.&#8221;<\/p>\n<p>Wi\u0119c m\u00f3wimy. I on m\u00f3wi<br \/>\nprostymi, serdecznymi s\u0142owami:<br \/>\n&#8220;Towarzysze, gdy my ro\u015bniemy,<br \/>\ni Polska ro\u015bnie z nami.&#8221;<\/p>\n<p><i>(Jan Koprowski, &#8220;W\u0142\u00f3kniarze u prezydenta&#8221;)<\/i>\n<\/div>\n","protected":false},"excerpt":{"rendered":"<p>363<\/p>\n","protected":false},"author":1,"featured_media":0,"comment_status":"open","ping_status":"open","sticky":false,"template":"","format":"standard","meta":{"footnotes":""},"categories":[3],"tags":[],"class_list":["post-350","post","type-post","status-publish","format-standard","hentry","category-ciagi-slow"],"aioseo_notices":[],"jetpack_featured_media_url":"","_links":{"self":[{"href":"https:\/\/www.vontrompka.com\/blog\/wp-json\/wp\/v2\/posts\/350","targetHints":{"allow":["GET"]}}],"collection":[{"href":"https:\/\/www.vontrompka.com\/blog\/wp-json\/wp\/v2\/posts"}],"about":[{"href":"https:\/\/www.vontrompka.com\/blog\/wp-json\/wp\/v2\/types\/post"}],"author":[{"embeddable":true,"href":"https:\/\/www.vontrompka.com\/blog\/wp-json\/wp\/v2\/users\/1"}],"replies":[{"embeddable":true,"href":"https:\/\/www.vontrompka.com\/blog\/wp-json\/wp\/v2\/comments?post=350"}],"version-history":[{"count":0,"href":"https:\/\/www.vontrompka.com\/blog\/wp-json\/wp\/v2\/posts\/350\/revisions"}],"wp:attachment":[{"href":"https:\/\/www.vontrompka.com\/blog\/wp-json\/wp\/v2\/media?parent=350"}],"wp:term":[{"taxonomy":"category","embeddable":true,"href":"https:\/\/www.vontrompka.com\/blog\/wp-json\/wp\/v2\/categories?post=350"},{"taxonomy":"post_tag","embeddable":true,"href":"https:\/\/www.vontrompka.com\/blog\/wp-json\/wp\/v2\/tags?post=350"}],"curies":[{"name":"wp","href":"https:\/\/api.w.org\/{rel}","templated":true}]}}