{"id":3877,"date":"2011-02-27T10:45:34","date_gmt":"2011-02-27T09:45:34","guid":{"rendered":"http:\/\/www.vontrompka.com\/blog\/?p=3877"},"modified":"2021-05-19T14:19:53","modified_gmt":"2021-05-19T13:19:53","slug":"odcinek-specjalny","status":"publish","type":"post","link":"https:\/\/www.vontrompka.com\/blog\/2011\/02\/odcinek-specjalny\/","title":{"rendered":"odcinek specjalny"},"content":{"rendered":"<p><a href=\"http:\/\/www.manufaktura-legenda.pl\/index.php?page=shop.product_details&#038;category_id=5&#038;flypage=flypage-ask.tpl&#038;product_id=537&#038;option=com_virtuemart&#038;Itemid=19&#038;lang=en\"><img decoding=\"async\" src=\"https:\/\/www.vontrompka.com\/blog\/wp-content\/uploads\/2011\/02\/obok.jpg\" alt=\"Obok albo ile procent Babilonu?, Miros\u0142aw Ryszard Makowski, Micha\u0142 Szyma\u0144ski i inni\" title=\"Obok albo ile procent Babilonu?\" width=\"710\" \/><\/a><\/p>\n<p>pan <a href=\"http:\/\/ooops.pl\">Makowski<\/a> (et consortes) napisa\u0142 Ksia\u017ck\u0119.<\/p>\n<p>i to nie jest ksi\u0105\u017cka o punk-rocku. na szcz\u0119\u015bcie. nie znam si\u0119 zbytnio na polskim punku, nie przypadkiem chyba &#8212; bo zawsze odrzuca\u0142a mnie jego Prza\u015bno\u015b\u0107 i brak Rzemios\u0142a. poza paroma wyj\u0105tkami (Lipi\u0144ski, a potem post-punk Janerki czy Kultu) &#8212; to nie m\u00f3j klimat. ale: ksi\u0105\u017cka jest o Ludziach i Czasie &#8212; szerokim, szerszym, ni\u017c punkowa efemeryda &#8212; ci\u0105gn\u0105cym si\u0119 od skarpetek Tyrmanda i si\u0119gaj\u0105cym swoimi \u015bliskimi mackami po Bez\u0119 na premierze Filmu. kawa\u0142 historii, a mo\u017ce historia pewnego kawa\u0142u, zwanego PRLem.<\/p>\n<p>ale tak, historia inspiruj\u0105ca do s\u0142uchania: doskona\u0142ej Brygady Kryzys z przeceny za ca\u0142e 9,90; Janerki, kt\u00f3rego mi w tej ksi\u0105\u017cce za ma\u0142o; rzeczy bardziej offowych, a zwykle niedobrych &#8212; z youtube&#8217;a (niech si\u0119 pan A. \u015bmieje); rzeczy importowanych, wi\u0119c dobrych (wiadomo, the Clash, Joy Division).<\/p>\n<p>historia zobiektywizowana przez wielog\u0142os cytat\u00f3w &#8212; cho\u0107 przecie subiektywnie dobranych i u\u0142o\u017conych. by\u0142 inny zapis tego Czasu &#8212; dziesi\u0119\u0107 tom\u00f3w dziennik\u00f3w pisanych na gor\u0105co przez pewnego Polityka z pozycji Systemu. tu: jeden tom sklejany z tysi\u0105ca \u017ar\u00f3de\u0142 z perspektywy czasu i w kontrze (albo offie) do Systemu. ca\u0142kowite antypody. cho\u0107 w\u0142a\u015bnie pewnie dlatego &#8212; razem tworz\u0105 w mojej g\u0142owie w miar\u0119 kompletny Obraz.<\/p>\n<p>historia Pokolenia, kt\u00f3re (i niech si\u0119 Pokolenie nie obra\u017ca) powoli zbiera si\u0119 do zej\u015bcia ze sceny. a mo\u017ce nawet bardziej &#8212; zapis tego schodzenia? paru ju\u017c nie \u017cyje, niekt\u00f3rzy robi\u0105 konfitury, reszta w zbowidzie.<\/p>\n<p>i mo\u017cna j\u0105 czyta\u0107 skokowo, od kawa\u0142eczka do kawa\u0142eczka. ale lepiej &#8212; liniowo; bo uk\u0142ad cytat\u00f3w nie jest przypadkowy, one ze sob\u0105 gadaj\u0105. a jeszcze zupe\u0142nie niebanalny uk\u0142ad graficzny, wymy\u015blony przez Makowskiego: szpalta g\u0142\u00f3wna i margines; doskona\u0142a typografia; offowe zestawienia zdj\u0119\u0107 z tekstem. bardzo efektowny Przedmiot (jak komu\u015b si\u0119 nie chce wg\u0142\u0119bia\u0107 w Tre\u015b\u0107).<\/p>\n<p>a jakie\u015b wnioski? co mo\u017cna st\u0105d Wynie\u015b\u0107 dla Siebie?<br \/>\n<em>historia jest absurdalna i niezbyt pouczaj\u0105ca<\/em> pisze Makowski i pewnie ma racj\u0119.<\/p>\n<p>bardzo polecam. <a href=\"http:\/\/www.manufaktura-legenda.pl\/index.php?page=shop.product_details&#038;category_id=5&#038;flypage=flypage-ask.tpl&#038;product_id=537&#038;option=com_virtuemart&#038;Itemid=19&#038;lang=en\">kupi\u0107 trzeba koniecznie na stronie Manufaktury<\/a>, a mo\u017ce i gdzie\u015b w realu jest do dostania.<\/p>\n","protected":false},"excerpt":{"rendered":"<p>pan Makowski (et consortes) napisa\u0142 Ksia\u017ck\u0119. i to nie jest ksi\u0105\u017cka o punk-rocku. na szcz\u0119\u015bcie. nie znam si\u0119 zbytnio na polskim punku, nie przypadkiem chyba &#8212; bo zawsze odrzuca\u0142a mnie jego Prza\u015bno\u015b\u0107 i brak Rzemios\u0142a. poza paroma wyj\u0105tkami (Lipi\u0144ski, a potem post-punk Janerki czy Kultu) &#8212; to nie m\u00f3j klimat. ale: ksi\u0105\u017cka jest o Ludziach [&hellip;]<\/p>\n","protected":false},"author":1,"featured_media":0,"comment_status":"open","ping_status":"open","sticky":false,"template":"","format":"standard","meta":{"footnotes":""},"categories":[7],"tags":[],"class_list":["post-3877","post","type-post","status-publish","format-standard","hentry","category-akcje"],"aioseo_notices":[],"jetpack_featured_media_url":"","_links":{"self":[{"href":"https:\/\/www.vontrompka.com\/blog\/wp-json\/wp\/v2\/posts\/3877","targetHints":{"allow":["GET"]}}],"collection":[{"href":"https:\/\/www.vontrompka.com\/blog\/wp-json\/wp\/v2\/posts"}],"about":[{"href":"https:\/\/www.vontrompka.com\/blog\/wp-json\/wp\/v2\/types\/post"}],"author":[{"embeddable":true,"href":"https:\/\/www.vontrompka.com\/blog\/wp-json\/wp\/v2\/users\/1"}],"replies":[{"embeddable":true,"href":"https:\/\/www.vontrompka.com\/blog\/wp-json\/wp\/v2\/comments?post=3877"}],"version-history":[{"count":15,"href":"https:\/\/www.vontrompka.com\/blog\/wp-json\/wp\/v2\/posts\/3877\/revisions"}],"predecessor-version":[{"id":13301,"href":"https:\/\/www.vontrompka.com\/blog\/wp-json\/wp\/v2\/posts\/3877\/revisions\/13301"}],"wp:attachment":[{"href":"https:\/\/www.vontrompka.com\/blog\/wp-json\/wp\/v2\/media?parent=3877"}],"wp:term":[{"taxonomy":"category","embeddable":true,"href":"https:\/\/www.vontrompka.com\/blog\/wp-json\/wp\/v2\/categories?post=3877"},{"taxonomy":"post_tag","embeddable":true,"href":"https:\/\/www.vontrompka.com\/blog\/wp-json\/wp\/v2\/tags?post=3877"}],"curies":[{"name":"wp","href":"https:\/\/api.w.org\/{rel}","templated":true}]}}