{"id":6316,"date":"2012-12-23T09:56:45","date_gmt":"2012-12-23T08:56:45","guid":{"rendered":"http:\/\/www.vontrompka.com\/blog\/?p=6316"},"modified":"2013-01-05T22:17:36","modified_gmt":"2013-01-05T21:17:36","slug":"los-rodakos","status":"publish","type":"post","link":"https:\/\/www.vontrompka.com\/blog\/2012\/12\/los-rodakos\/","title":{"rendered":"los rodakos"},"content":{"rendered":"<p>Hiszpanie nazywaj\u0105 Katalo\u0144czyk\u00f3w Polakami; my\u015bla\u0142em sobie, jak\u0105 Barcelon\u0119 by\u015bmy postawili, gdyby\u015bmy w tym VI wieku &#8211; zamiast zatrzyma\u0107 si\u0119 nad Wis\u0142\u0105 &#8211; doszli a\u017c za Pireneje. i pomy\u015bla\u0142em o innym ciep\u0142ym, pi\u0119knym miejscu, w kt\u00f3rym czemu\u015b nie uda\u0142o si\u0119 zbudowa\u0107 drugiej Katalonii. kto wie, czy nam te\u017c nie wysz\u0142aby Tirana. <\/p>\n<p>Pau i Pablo w jednym stali domu.<\/p>\n<p><img decoding=\"async\" src=\"https:\/\/www.vontrompka.com\/blog\/wp-content\/uploads\/2012\/12\/20121223-095320.jpg\" alt=\"20121223-095320.jpg\" title=\"i nikt nam nie wm\u00f3wi\" \/><\/p>\n<p>Sagrada Familia, jak mnie si\u0119 zdaje.<\/p>\n<p><img decoding=\"async\" src=\"https:\/\/www.vontrompka.com\/blog\/wp-content\/uploads\/2012\/12\/20121223-095343.jpg\" alt=\"20121223-095343.jpg\" title=\"mniej wi\u0119cej\" \/><\/p>\n","protected":false},"excerpt":{"rendered":"<p>Hiszpanie nazywaj\u0105 Katalo\u0144czyk\u00f3w Polakami; my\u015bla\u0142em sobie, jak\u0105 Barcelon\u0119 by\u015bmy postawili, gdyby\u015bmy w tym VI wieku &#8211; zamiast zatrzyma\u0107 si\u0119 nad Wis\u0142\u0105 &#8211; doszli a\u017c za Pireneje. i pomy\u015bla\u0142em o innym ciep\u0142ym, pi\u0119knym miejscu, w kt\u00f3rym czemu\u015b nie uda\u0142o si\u0119 zbudowa\u0107 drugiej Katalonii. kto wie, czy nam te\u017c nie wysz\u0142aby Tirana. Pau i Pablo w jednym [&hellip;]<\/p>\n","protected":false},"author":1,"featured_media":0,"comment_status":"open","ping_status":"open","sticky":false,"template":"","format":"standard","meta":{"footnotes":""},"categories":[2],"tags":[138],"class_list":["post-6316","post","type-post","status-publish","format-standard","hentry","category-wycieczki","tag-1213-barcelona"],"aioseo_notices":[],"jetpack_featured_media_url":"","_links":{"self":[{"href":"https:\/\/www.vontrompka.com\/blog\/wp-json\/wp\/v2\/posts\/6316","targetHints":{"allow":["GET"]}}],"collection":[{"href":"https:\/\/www.vontrompka.com\/blog\/wp-json\/wp\/v2\/posts"}],"about":[{"href":"https:\/\/www.vontrompka.com\/blog\/wp-json\/wp\/v2\/types\/post"}],"author":[{"embeddable":true,"href":"https:\/\/www.vontrompka.com\/blog\/wp-json\/wp\/v2\/users\/1"}],"replies":[{"embeddable":true,"href":"https:\/\/www.vontrompka.com\/blog\/wp-json\/wp\/v2\/comments?post=6316"}],"version-history":[{"count":4,"href":"https:\/\/www.vontrompka.com\/blog\/wp-json\/wp\/v2\/posts\/6316\/revisions"}],"predecessor-version":[{"id":6351,"href":"https:\/\/www.vontrompka.com\/blog\/wp-json\/wp\/v2\/posts\/6316\/revisions\/6351"}],"wp:attachment":[{"href":"https:\/\/www.vontrompka.com\/blog\/wp-json\/wp\/v2\/media?parent=6316"}],"wp:term":[{"taxonomy":"category","embeddable":true,"href":"https:\/\/www.vontrompka.com\/blog\/wp-json\/wp\/v2\/categories?post=6316"},{"taxonomy":"post_tag","embeddable":true,"href":"https:\/\/www.vontrompka.com\/blog\/wp-json\/wp\/v2\/tags?post=6316"}],"curies":[{"name":"wp","href":"https:\/\/api.w.org\/{rel}","templated":true}]}}