{"id":806,"date":"2007-10-05T20:17:27","date_gmt":"2007-10-05T18:17:27","guid":{"rendered":"http:\/\/www.vontrompka.com\/blog\/?p=806"},"modified":"2007-10-06T19:15:17","modified_gmt":"2007-10-06T17:15:17","slug":"cala-wladza-w-rece-rad","status":"publish","type":"post","link":"https:\/\/www.vontrompka.com\/blog\/2007\/10\/cala-wladza-w-rece-rad\/","title":{"rendered":"ca\u0142a w\u0142adza w r\u0119ce rad"},"content":{"rendered":"<p>podobno mam p\u00f3j\u015b\u0107 na wybory, rozmaici tak mi m\u00f3wi\u0105. udowodni\u0107, \u017cem dojrza\u0142y obywatel, zaniedbaniem nie <a href=\"http:\/\/serwisy.gazeta.pl\/wybory2007\/1,85057,4545325.html\">zgrzeszy\u0107<\/a>, poczu\u0107 jedno\u015b\u0107 z <a href=\"http:\/\/zjadamyreklamy.blox.pl\/2007\/09\/Mialam-sen-Sen-w-ktorym-wszyscy-szli-na-wybory.html\">podobnymi sobie<\/a>, podbi\u0107 nieco te ledwo zipi\u0105ce 40% frekwencji.<\/p>\n<p>a ja pasywny, markotny i wcale mi si\u0119 nie chce. czemu\u017c? skoro to akt wolno\u015bci, moment, w kt\u00f3rym mog\u0119 wyrazi\u0107 swoje zdanie i podj\u0105\u0107 suwerenn\u0105 decyzj\u0119? zastanawia\u0142em si\u0119 nad tym &#8211; i st\u0105d my\u015bli rozwini\u0119te w kilka akapit\u00f3w tekstu bardziej serio, zamiast kondensatu s\u0142owno-graficznego.<\/p>\n<p>czuj\u0119, \u017ce to nie tylko z mia\u0142ko\u015bci\u0105 polskiej polityki mam problem. i nie tylko z tym, \u017ce w wyniku wybor\u00f3w w najlepszym razie jeden \u017cenuj\u0105cy rz\u0105d mo\u017ce by\u0107 zast\u0105piony przez inny, \u017cenuj\u0105cy tylko odrobin\u0119 mniej. m\u00f3j g\u0142\u00f3wny dyskomfort bierze si\u0119 chyba z tego, \u017ce wbrew obfitym zakl\u0119ciom nie wierz\u0119 w t\u0119 nachalnie reklamowan\u0105 wolno\u015b\u0107 wyborcy &#8211; bo czuj\u0119, \u017ce demokracja partyjna tak naprawd\u0119 nie jest \u017cadn\u0105 demokracj\u0105. cho\u0107 wszyscy wok\u00f3\u0142 zach\u0119caj\u0105, gro\u017c\u0105, \u0142asz\u0105 si\u0119 i popychaj\u0105, wywa\u017c\u0119 sw\u00f3j interes i widz\u0119, \u017ce cedowanie uprawnie\u0144 na jakich\u015b bli\u017cej nie znanych mi przedstawicieli obcych mi ugrupowa\u0144 &#8211; jest po prostu odebraniem mi tych uprawnie\u0144 (w <a href=\"http:\/\/glosujwrekawiczkach.pl\/\">r\u0119kawiczkach<\/a> czy bez, wszystko jedno). i \u017ce wbrew g\u0142o\u015bnym zapewnieniom wyborczych naganiaczy &#8211; m\u00f3j g\u0142os naprawd\u0119 wa\u017cy niewiele. nie potrafi\u0119 <a href=\"http:\/\/www.contutto.com\/shop\/singleview-rotwein-castello-monaci-primitivo-rosso-castello-monaci-2005-93c1.html\">znieczuli\u0107 <\/a>si\u0119 tak mocno, by oszuka\u0107 si\u0119 has\u0142ami obywatelstwa i odpowiedzialno\u015bci. bo wolno\u015b\u0107 polityczna udost\u0119pniana raz na cztery (czy nawet dwa) lata, manifestowana w akcie oddania g\u0142osu, jest iluzj\u0105.<\/p>\n<p>defetyzm? niezupe\u0142nie, bo wierz\u0119 w inne rozwi\u0105zania. wierz\u0119, \u017ce uczestnictwo nie polega bynajmniej na karnym stawianiu si\u0119 w lokalu wyborczym &#8211; ale na samodzielnym, codziennym podejmowaniu decyzji politycznych, w skali, w jakiej cz\u0142owiek na co dzie\u0144 \u017cyje i dzia\u0142a. a wi\u0119c &#8211; demokracja uczestnicz\u0105ca, a nie partyjna. samoorganizacja spo\u0142eczna, fenomen opisywany przez <a href=\"http:\/\/www.merlin.com.pl\/frontend\/browse\/product\/1,342993.html\">Hannah Arendt<\/a>, to rady &#8211; zbieraj\u0105ce obywateli i podejmuj\u0105ce decyzje, a tak\u017ce deleguj\u0105ce spo\u015br\u00f3d siebie przedstawicieli na wy\u017cszy poziom (regionalny czy krajowy). te w\u0142a\u015bnie rady, kt\u00f3re swego czasu skutecznie zniszczy\u0142 Lenin &#8211; przejmuj\u0105c je, ubezw\u0142asnowolniaj\u0105c i kompromituj\u0105c. (wbrew potocznemu mniemaniu, wcale nie on i nie bolszewicy je stworzyli. polecam <a href=\"http:\/\/www.merlin.com.pl\/frontend\/browse\/product\/1,491163.html\">Pipesa<\/a>.)<\/p>\n<p>istot\u0105, sensem istnienia partii nie jest wcale g\u0142oszenie jakiego\u015b mniej lub bardziej zbornego zestawu pogl\u0105d\u00f3w &#8211; ale wybieranie kandydat\u00f3w na przedstawicieli, kt\u00f3rzy potem zasiadaj\u0105 np. w parlamencie. rady same staj\u0105 si\u0119 mechanizmem uczestnictwa i delegacji &#8211; a wi\u0119c sednem demokracji &#8211; dlatego te\u017c \u015bmiertelnie zagra\u017caj\u0105 interesom partii, neguj\u0105c potrzeb\u0119 ich istnienia. partie b\u0119d\u0105 wi\u0119c d\u0105\u017cy\u0107 do opanowania i zniszczenia rad, co bardzo pi\u0119knie uda\u0142o si\u0119 Leninowi.<\/p>\n<p>partie w swej istocie s\u0105 instytucjami niedemokratycznymi. po pierwsze, ograniczaj\u0105 wolno\u015b\u0107 pogl\u0105d\u00f3w w\u0142asnych cz\u0142onk\u00f3w, zobowi\u0105zuj\u0105c ich do trzymania si\u0119 obowi\u0105zuj\u0105cej linii. po drugie, oligarchizuj\u0105 uk\u0142ad w\u0142adzy, zaw\u0119\u017caj\u0105c do niej dost\u0119p i odbieraj\u0105c j\u0105 g\u0142osuj\u0105cym. w polskich realiach to politycy partyjni s\u0105 prawdziwymi oligarchami, nie w\u0142a\u015bciciele wielkich fortun. czy suma element\u00f3w z gruntu niedemokratycznych mo\u017ce zbudowa\u0107 realn\u0105, odczuwan\u0105 demokracj\u0119? bardzo w\u0105tpi\u0119.<\/p>\n<p>\u017ar\u00f3d\u0142em demokracji s\u0105 elementy samoorganizacji obywateli, zast\u0119puj\u0105ce wertykalny uk\u0142ad partyjny (a nie uzupe\u0142niaj\u0105ce go, jak chcieliby politycy, wt\u0142aczaj\u0105cy naturaln\u0105 ludzk\u0105 aktywno\u015b\u0107 w ramy organizacji pozarz\u0105dowych &#8211; bo to dwa nieprzystaj\u0105ce do siebie systemy). s\u0142abo\u015bci\u0105 rad jest jednak podatno\u015b\u0107 na zniszczenie przez wojsko zawodowych polityk\u00f3w partyjnych, silnie zdeterminowanych do zdobycia w\u0142adzy. s\u0105 zbyt delikatne, \u017ceby w rzeczywisto\u015bci partyjnej przetrwa\u0107. ale by\u0107 mo\u017ce s\u0105 szans\u0105 na prze\u017cycie demokracji, bo to w\u0142a\u015bnie system ci\u0105g\u0142ego uczestnictwa mo\u017ce obudzi\u0107 ludzi z marazmu. a czy demokracja w og\u00f3le jest warto\u015bci\u0105? i jakie wady ma system uczestnictwa? to tematy na inne teksty&#8230;<\/p>\n<p>no wi\u0119c i\u015b\u0107 na te wybory? czy nie i\u015b\u0107? whatever gets you through the night &#8211; it&#8217;s alright&#8230; chyba wszystko jedno, bo tu nie wyboru mi\u0119dzy pis, po a lid trzeba &#8211; ale naprawd\u0119 radykalnej zmiany. warto zach\u0119ca\u0107 tylko z jednego powodu &#8211; by\u0107 mo\u017ce wybory zaktywizuj\u0105 ludzi na tyle, \u017ce pomy\u015bl\u0105 o powa\u017cniejszym dzia\u0142aniu. pewien nieg\u0142upi <a href=\"http:\/\/www.kuron.pl\/\">cz\u0142owiek<\/a> powiedzia\u0142: &#8220;nie palcie komitet\u00f3w, zak\u0142adajcie w\u0142asne&#8221;. ot\u00f3\u017c nie: komitety trzeba spali\u0107 do gruntu i nie pozwoli\u0107 wyrosn\u0105\u0107 nowym. has\u0142o &#8220;za\u0142\u00f3\u017ccie rady a potem spalcie komitety&#8221; podoba mi si\u0119 znacznie bardziej.<\/p>\n","protected":false},"excerpt":{"rendered":"<p>podobno mam p\u00f3j\u015b\u0107 na wybory, rozmaici tak mi m\u00f3wi\u0105. udowodni\u0107, \u017cem dojrza\u0142y obywatel, zaniedbaniem nie zgrzeszy\u0107, poczu\u0107 jedno\u015b\u0107 z podobnymi sobie, podbi\u0107 nieco te ledwo zipi\u0105ce 40% frekwencji. a ja pasywny, markotny i wcale mi si\u0119 nie chce. czemu\u017c? skoro to akt wolno\u015bci, moment, w kt\u00f3rym mog\u0119 wyrazi\u0107 swoje zdanie i podj\u0105\u0107 suwerenn\u0105 decyzj\u0119? zastanawia\u0142em [&hellip;]<\/p>\n","protected":false},"author":1,"featured_media":0,"comment_status":"open","ping_status":"open","sticky":false,"template":"","format":"standard","meta":{"footnotes":""},"categories":[3],"tags":[],"class_list":["post-806","post","type-post","status-publish","format-standard","hentry","category-ciagi-slow"],"aioseo_notices":[],"jetpack_featured_media_url":"","_links":{"self":[{"href":"https:\/\/www.vontrompka.com\/blog\/wp-json\/wp\/v2\/posts\/806","targetHints":{"allow":["GET"]}}],"collection":[{"href":"https:\/\/www.vontrompka.com\/blog\/wp-json\/wp\/v2\/posts"}],"about":[{"href":"https:\/\/www.vontrompka.com\/blog\/wp-json\/wp\/v2\/types\/post"}],"author":[{"embeddable":true,"href":"https:\/\/www.vontrompka.com\/blog\/wp-json\/wp\/v2\/users\/1"}],"replies":[{"embeddable":true,"href":"https:\/\/www.vontrompka.com\/blog\/wp-json\/wp\/v2\/comments?post=806"}],"version-history":[{"count":0,"href":"https:\/\/www.vontrompka.com\/blog\/wp-json\/wp\/v2\/posts\/806\/revisions"}],"wp:attachment":[{"href":"https:\/\/www.vontrompka.com\/blog\/wp-json\/wp\/v2\/media?parent=806"}],"wp:term":[{"taxonomy":"category","embeddable":true,"href":"https:\/\/www.vontrompka.com\/blog\/wp-json\/wp\/v2\/categories?post=806"},{"taxonomy":"post_tag","embeddable":true,"href":"https:\/\/www.vontrompka.com\/blog\/wp-json\/wp\/v2\/tags?post=806"}],"curies":[{"name":"wp","href":"https:\/\/api.w.org\/{rel}","templated":true}]}}